{"id":88,"date":"2014-05-06T16:59:12","date_gmt":"2014-05-06T15:59:12","guid":{"rendered":"http:\/\/bikespainviajes.wordpress.com\/?p=88"},"modified":"2019-04-30T14:58:09","modified_gmt":"2019-04-30T13:58:09","slug":"cicloturismo-portugal-bicicleta","status":"publish","type":"post","link":"https:\/\/viajes.bikespain.com\/es\/cicloturismo-portugal-bicicleta\/","title":{"rendered":"Portugal"},"content":{"rendered":"<p style=\"color: #65686d;\"><a href=\"http:\/\/biketoursspain.tourismdesignsolutions.com\/wp-content\/uploads\/2014\/05\/day-6-lagos-tavira-19.jpg\"><img loading=\"lazy\" decoding=\"async\" class=\" wp-image-89 aligncenter\" src=\"http:\/\/biketoursspain.tourismdesignsolutions.com\/wp-content\/uploads\/2014\/05\/day-6-lagos-tavira-19.jpg?w=300\" alt=\"Day 6 Lagos-Tavira (19)\" width=\"373\" height=\"174\"><\/a><\/p>\n<p style=\"color: #65686d;\">Conocer&nbsp;Portugal en bicicleta&nbsp;es hacer de tus vacaciones de&nbsp;<em>cicloturismo<\/em>&nbsp;una zambullida en nuestra historia, es descubrir pedaleando paisajes y paisanajes insospechados, es recorrer caminos perfectos para un&nbsp;<em>viaje en bicicleta<\/em>&nbsp;que puedes repetir, recomenzar o extender cuando quieras gracias a lo cerca que estamos.<\/p>\n<p style=\"color: #65686d;\"><span style=\"color: #808080;\">Portugal, punto de encuentro de diferentes civilizaciones durante \u201cnada m\u00e1s\u201d que 3100 a\u00f1os, est\u00e1 unido a Espa\u00f1a por algo m\u00e1s que la geograf\u00eda: la pasi\u00f3n por el cicloturismo, y en Bike Spain Tours queremos que descubras la belleza del Alentejo a tu ritmo, disfrutando de la brisa, los colores y la rica gastronom\u00eda de la tierra que vio nacer a Saramago, gracias a tranquilas jornadas en bicicleta por caminos en los que rara vez encontrar\u00e1s grandes subidas pero que, debido a lo ondulado del terreno, suben y bajan continuamente.<\/span><\/p>\n<p style=\"color: #65686d;\">Para <a href=\"http:\/\/www.bikespain.com\/es\/europa\/portugal-alentejo-bici-ruta-castillos\">viajar a Portugal en Bicicleta&nbsp;<\/a><\/p>\n<div id='gallery-1' class='gallery galleryid-88 gallery-columns-3 gallery-size-thumbnail'><figure class='gallery-item'>\n\t\t\t<div class='gallery-icon landscape'>\n\t\t\t\t<a href='https:\/\/viajes.bikespain.com\/es\/cicloturismo-portugal-bicicleta\/day-3-aljezur-pedralva-34\/'><img loading=\"lazy\" decoding=\"async\" width=\"150\" height=\"150\" src=\"https:\/\/viajes.bikespain.com\/wp-content\/uploads\/2014\/05\/day-3-aljezur-pedralva-34-150x150.jpg\" class=\"attachment-thumbnail size-thumbnail\" alt=\"Viaje en bicicleta por Pedralva\" \/><\/a>\n\t\t\t<\/div><\/figure>\n\t\t<\/div>\n\n","protected":false},"excerpt":{"rendered":"<p>Conocer&nbsp;Portugal en bicicleta&nbsp;es hacer de tus vacaciones de&nbsp;cicloturismo&nbsp;una zambullida en nuestra historia, es descubrir pedaleando paisajes y paisanajes insospechados, es recorrer caminos perfectos para un&nbsp;viaje en bicicleta&nbsp;que puedes repetir, recomenzar o extender cuando quieras gracias a lo cerca que estamos. Portugal, punto de encuentro de diferentes civilizaciones durante \u201cnada m\u00e1s\u201d que 3100 a\u00f1os, est\u00e1 unido [&hellip;]<\/p>\n","protected":false},"author":2,"featured_media":24340,"comment_status":"open","ping_status":"closed","sticky":false,"template":"","format":"standard","meta":{"footnotes":""},"categories":[608],"tags":[616],"class_list":["post-88","post","type-post","status-publish","format-standard","has-post-thumbnail","hentry","category-geen-categorie","tag-viajes-bicicleta-portugal-bikespainviajes"],"yoast_head":"<!-- This site is optimized with the Yoast SEO plugin v27.5 - https:\/\/yoast.com\/product\/yoast-seo-wordpress\/ -->\n<title>Portugal - Bike Spain Tours. Cycling Vacations in Spain.<\/title>\n<meta name=\"robots\" content=\"index, follow, max-snippet:-1, max-image-preview:large, max-video-preview:-1\" \/>\n<link rel=\"canonical\" href=\"https:\/\/viajes.bikespain.com\/es\/cicloturismo-portugal-bicicleta\/\" \/>\n<meta property=\"og:locale\" content=\"es_ES\" \/>\n<meta property=\"og:type\" content=\"article\" \/>\n<meta property=\"og:title\" content=\"Portugal - Bike Spain Tours. Cycling Vacations in Spain.\" \/>\n<meta property=\"og:description\" content=\"Conocer&nbsp;Portugal en bicicleta&nbsp;es hacer de tus vacaciones de&nbsp;cicloturismo&nbsp;una zambullida en nuestra historia, es descubrir pedaleando paisajes y paisanajes insospechados, es recorrer caminos perfectos para un&nbsp;viaje en bicicleta&nbsp;que puedes repetir, recomenzar o extender cuando quieras gracias a lo cerca que estamos. Portugal, punto de encuentro de diferentes civilizaciones durante \u201cnada m\u00e1s\u201d que 3100 a\u00f1os, est\u00e1 unido [&hellip;]\" \/>\n<meta property=\"og:url\" content=\"https:\/\/viajes.bikespain.com\/es\/cicloturismo-portugal-bicicleta\/\" \/>\n<meta property=\"og:site_name\" content=\"Bike Spain Tours. Cycling Vacations in Spain.\" \/>\n<meta property=\"article:publisher\" content=\"https:\/\/www.facebook.com\/BikeSpainTours\" \/>\n<meta property=\"article:published_time\" content=\"2014-05-06T15:59:12+00:00\" \/>\n<meta property=\"article:modified_time\" content=\"2019-04-30T13:58:09+00:00\" \/>\n<meta property=\"og:image\" content=\"https:\/\/viajes.bikespain.com\/wp-content\/uploads\/2014\/05\/day-6-lagos-tavira-19-1.jpg\" \/>\n\t<meta property=\"og:image:width\" content=\"700\" \/>\n\t<meta property=\"og:image:height\" content=\"328\" \/>\n\t<meta property=\"og:image:type\" content=\"image\/jpeg\" \/>\n<meta name=\"author\" content=\"Pablo Munoz\" \/>\n<meta name=\"twitter:card\" content=\"summary_large_image\" \/>\n<meta name=\"twitter:creator\" content=\"@bikespaintours\" \/>\n<meta name=\"twitter:site\" content=\"@bikespaintours\" \/>\n<meta name=\"twitter:label1\" content=\"Escrito por\" \/>\n\t<meta name=\"twitter:data1\" content=\"Pablo Munoz\" \/>\n\t<meta name=\"twitter:label2\" content=\"Tiempo de lectura\" \/>\n\t<meta name=\"twitter:data2\" content=\"1 minuto\" \/>\n<script type=\"application\/ld+json\" class=\"yoast-schema-graph\">{\"@context\":\"https:\\\/\\\/schema.org\",\"@graph\":[{\"@type\":\"Article\",\"@id\":\"https:\\\/\\\/viajes.bikespain.com\\\/es\\\/cicloturismo-portugal-bicicleta\\\/#article\",\"isPartOf\":{\"@id\":\"https:\\\/\\\/viajes.bikespain.com\\\/es\\\/cicloturismo-portugal-bicicleta\\\/\"},\"author\":{\"name\":\"Pablo Munoz\",\"@id\":\"https:\\\/\\\/viajes.bikespain.com\\\/es\\\/#\\\/schema\\\/person\\\/ed8c3a62b56403d9c76f215d59f23067\"},\"headline\":\"Portugal\",\"datePublished\":\"2014-05-06T15:59:12+00:00\",\"dateModified\":\"2019-04-30T13:58:09+00:00\",\"mainEntityOfPage\":{\"@id\":\"https:\\\/\\\/viajes.bikespain.com\\\/es\\\/cicloturismo-portugal-bicicleta\\\/\"},\"wordCount\":158,\"commentCount\":0,\"publisher\":{\"@id\":\"https:\\\/\\\/viajes.bikespain.com\\\/es\\\/#organization\"},\"image\":{\"@id\":\"https:\\\/\\\/viajes.bikespain.com\\\/es\\\/cicloturismo-portugal-bicicleta\\\/#primaryimage\"},\"thumbnailUrl\":\"https:\\\/\\\/viajes.bikespain.com\\\/wp-content\\\/uploads\\\/2014\\\/05\\\/day-6-lagos-tavira-19-1.jpg\",\"keywords\":[\"#viajes #bicicleta #Portugal #bikespainviajes\"],\"articleSection\":[\"Geen categorie\"],\"inLanguage\":\"es\",\"potentialAction\":[{\"@type\":\"CommentAction\",\"name\":\"Comment\",\"target\":[\"https:\\\/\\\/viajes.bikespain.com\\\/es\\\/cicloturismo-portugal-bicicleta\\\/#respond\"]}]},{\"@type\":\"WebPage\",\"@id\":\"https:\\\/\\\/viajes.bikespain.com\\\/es\\\/cicloturismo-portugal-bicicleta\\\/\",\"url\":\"https:\\\/\\\/viajes.bikespain.com\\\/es\\\/cicloturismo-portugal-bicicleta\\\/\",\"name\":\"Portugal - Bike Spain Tours. Cycling Vacations in Spain.\",\"isPartOf\":{\"@id\":\"https:\\\/\\\/viajes.bikespain.com\\\/es\\\/#website\"},\"primaryImageOfPage\":{\"@id\":\"https:\\\/\\\/viajes.bikespain.com\\\/es\\\/cicloturismo-portugal-bicicleta\\\/#primaryimage\"},\"image\":{\"@id\":\"https:\\\/\\\/viajes.bikespain.com\\\/es\\\/cicloturismo-portugal-bicicleta\\\/#primaryimage\"},\"thumbnailUrl\":\"https:\\\/\\\/viajes.bikespain.com\\\/wp-content\\\/uploads\\\/2014\\\/05\\\/day-6-lagos-tavira-19-1.jpg\",\"datePublished\":\"2014-05-06T15:59:12+00:00\",\"dateModified\":\"2019-04-30T13:58:09+00:00\",\"breadcrumb\":{\"@id\":\"https:\\\/\\\/viajes.bikespain.com\\\/es\\\/cicloturismo-portugal-bicicleta\\\/#breadcrumb\"},\"inLanguage\":\"es\",\"potentialAction\":[{\"@type\":\"ReadAction\",\"target\":[\"https:\\\/\\\/viajes.bikespain.com\\\/es\\\/cicloturismo-portugal-bicicleta\\\/\"]}]},{\"@type\":\"ImageObject\",\"inLanguage\":\"es\",\"@id\":\"https:\\\/\\\/viajes.bikespain.com\\\/es\\\/cicloturismo-portugal-bicicleta\\\/#primaryimage\",\"url\":\"https:\\\/\\\/viajes.bikespain.com\\\/wp-content\\\/uploads\\\/2014\\\/05\\\/day-6-lagos-tavira-19-1.jpg\",\"contentUrl\":\"https:\\\/\\\/viajes.bikespain.com\\\/wp-content\\\/uploads\\\/2014\\\/05\\\/day-6-lagos-tavira-19-1.jpg\",\"width\":\"700\",\"height\":\"328\"},{\"@type\":\"BreadcrumbList\",\"@id\":\"https:\\\/\\\/viajes.bikespain.com\\\/es\\\/cicloturismo-portugal-bicicleta\\\/#breadcrumb\",\"itemListElement\":[{\"@type\":\"ListItem\",\"position\":1,\"name\":\"Portada\",\"item\":\"https:\\\/\\\/viajes.bikespain.com\\\/es\\\/\"},{\"@type\":\"ListItem\",\"position\":2,\"name\":\"Portugal\"}]},{\"@type\":\"WebSite\",\"@id\":\"https:\\\/\\\/viajes.bikespain.com\\\/es\\\/#website\",\"url\":\"https:\\\/\\\/viajes.bikespain.com\\\/es\\\/\",\"name\":\"Bike Spain Tours. Cycling Vacations in Spain.\",\"description\":\"Viajes en bicicleta en Europa y Mundo\",\"publisher\":{\"@id\":\"https:\\\/\\\/viajes.bikespain.com\\\/es\\\/#organization\"},\"potentialAction\":[{\"@type\":\"SearchAction\",\"target\":{\"@type\":\"EntryPoint\",\"urlTemplate\":\"https:\\\/\\\/viajes.bikespain.com\\\/es\\\/?s={search_term_string}\"},\"query-input\":{\"@type\":\"PropertyValueSpecification\",\"valueRequired\":true,\"valueName\":\"search_term_string\"}}],\"inLanguage\":\"es\"},{\"@type\":\"Organization\",\"@id\":\"https:\\\/\\\/viajes.bikespain.com\\\/es\\\/#organization\",\"name\":\"Bike Spain Tours\",\"url\":\"https:\\\/\\\/viajes.bikespain.com\\\/es\\\/\",\"logo\":{\"@type\":\"ImageObject\",\"inLanguage\":\"es\",\"@id\":\"https:\\\/\\\/viajes.bikespain.com\\\/es\\\/#\\\/schema\\\/logo\\\/image\\\/\",\"url\":\"https:\\\/\\\/viajes.bikespain.com\\\/wp-content\\\/uploads\\\/2018\\\/02\\\/bike-spain-tours-logo-1.png\",\"contentUrl\":\"https:\\\/\\\/viajes.bikespain.com\\\/wp-content\\\/uploads\\\/2018\\\/02\\\/bike-spain-tours-logo-1.png\",\"width\":\"300\",\"height\":\"91\",\"caption\":\"Bike Spain Tours\"},\"image\":{\"@id\":\"https:\\\/\\\/viajes.bikespain.com\\\/es\\\/#\\\/schema\\\/logo\\\/image\\\/\"},\"sameAs\":[\"https:\\\/\\\/www.facebook.com\\\/BikeSpainTours\",\"https:\\\/\\\/x.com\\\/bikespaintours\",\"https:\\\/\\\/www.instagram.com\\\/bikespaintours\\\/\"]},{\"@type\":\"Person\",\"@id\":\"https:\\\/\\\/viajes.bikespain.com\\\/es\\\/#\\\/schema\\\/person\\\/ed8c3a62b56403d9c76f215d59f23067\",\"name\":\"Pablo Munoz\",\"image\":{\"@type\":\"ImageObject\",\"inLanguage\":\"es\",\"@id\":\"https:\\\/\\\/secure.gravatar.com\\\/avatar\\\/a55679615e0064659c0c3e88bae9082fdd0f06eb8e87abe98d38fe644262b9ec?s=96&d=mm&r=g\",\"url\":\"https:\\\/\\\/secure.gravatar.com\\\/avatar\\\/a55679615e0064659c0c3e88bae9082fdd0f06eb8e87abe98d38fe644262b9ec?s=96&d=mm&r=g\",\"contentUrl\":\"https:\\\/\\\/secure.gravatar.com\\\/avatar\\\/a55679615e0064659c0c3e88bae9082fdd0f06eb8e87abe98d38fe644262b9ec?s=96&d=mm&r=g\",\"caption\":\"Pablo Munoz\"},\"url\":\"https:\\\/\\\/viajes.bikespain.com\\\/es\\\/author\\\/pablo-munez\\\/\"}]}<\/script>\n<!-- \/ Yoast SEO plugin. -->","yoast_head_json":{"title":"Portugal - Bike Spain Tours. Cycling Vacations in Spain.","robots":{"index":"index","follow":"follow","max-snippet":"max-snippet:-1","max-image-preview":"max-image-preview:large","max-video-preview":"max-video-preview:-1"},"canonical":"https:\/\/viajes.bikespain.com\/es\/cicloturismo-portugal-bicicleta\/","og_locale":"es_ES","og_type":"article","og_title":"Portugal - Bike Spain Tours. Cycling Vacations in Spain.","og_description":"Conocer&nbsp;Portugal en bicicleta&nbsp;es hacer de tus vacaciones de&nbsp;cicloturismo&nbsp;una zambullida en nuestra historia, es descubrir pedaleando paisajes y paisanajes insospechados, es recorrer caminos perfectos para un&nbsp;viaje en bicicleta&nbsp;que puedes repetir, recomenzar o extender cuando quieras gracias a lo cerca que estamos. Portugal, punto de encuentro de diferentes civilizaciones durante \u201cnada m\u00e1s\u201d que 3100 a\u00f1os, est\u00e1 unido [&hellip;]","og_url":"https:\/\/viajes.bikespain.com\/es\/cicloturismo-portugal-bicicleta\/","og_site_name":"Bike Spain Tours. Cycling Vacations in Spain.","article_publisher":"https:\/\/www.facebook.com\/BikeSpainTours","article_published_time":"2014-05-06T15:59:12+00:00","article_modified_time":"2019-04-30T13:58:09+00:00","og_image":[{"width":700,"height":328,"url":"https:\/\/viajes.bikespain.com\/wp-content\/uploads\/2014\/05\/day-6-lagos-tavira-19-1.jpg","type":"image\/jpeg"}],"author":"Pablo Munoz","twitter_card":"summary_large_image","twitter_creator":"@bikespaintours","twitter_site":"@bikespaintours","twitter_misc":{"Escrito por":"Pablo Munoz","Tiempo de lectura":"1 minuto"},"schema":{"@context":"https:\/\/schema.org","@graph":[{"@type":"Article","@id":"https:\/\/viajes.bikespain.com\/es\/cicloturismo-portugal-bicicleta\/#article","isPartOf":{"@id":"https:\/\/viajes.bikespain.com\/es\/cicloturismo-portugal-bicicleta\/"},"author":{"name":"Pablo Munoz","@id":"https:\/\/viajes.bikespain.com\/es\/#\/schema\/person\/ed8c3a62b56403d9c76f215d59f23067"},"headline":"Portugal","datePublished":"2014-05-06T15:59:12+00:00","dateModified":"2019-04-30T13:58:09+00:00","mainEntityOfPage":{"@id":"https:\/\/viajes.bikespain.com\/es\/cicloturismo-portugal-bicicleta\/"},"wordCount":158,"commentCount":0,"publisher":{"@id":"https:\/\/viajes.bikespain.com\/es\/#organization"},"image":{"@id":"https:\/\/viajes.bikespain.com\/es\/cicloturismo-portugal-bicicleta\/#primaryimage"},"thumbnailUrl":"https:\/\/viajes.bikespain.com\/wp-content\/uploads\/2014\/05\/day-6-lagos-tavira-19-1.jpg","keywords":["#viajes #bicicleta #Portugal #bikespainviajes"],"articleSection":["Geen categorie"],"inLanguage":"es","potentialAction":[{"@type":"CommentAction","name":"Comment","target":["https:\/\/viajes.bikespain.com\/es\/cicloturismo-portugal-bicicleta\/#respond"]}]},{"@type":"WebPage","@id":"https:\/\/viajes.bikespain.com\/es\/cicloturismo-portugal-bicicleta\/","url":"https:\/\/viajes.bikespain.com\/es\/cicloturismo-portugal-bicicleta\/","name":"Portugal - Bike Spain Tours. Cycling Vacations in Spain.","isPartOf":{"@id":"https:\/\/viajes.bikespain.com\/es\/#website"},"primaryImageOfPage":{"@id":"https:\/\/viajes.bikespain.com\/es\/cicloturismo-portugal-bicicleta\/#primaryimage"},"image":{"@id":"https:\/\/viajes.bikespain.com\/es\/cicloturismo-portugal-bicicleta\/#primaryimage"},"thumbnailUrl":"https:\/\/viajes.bikespain.com\/wp-content\/uploads\/2014\/05\/day-6-lagos-tavira-19-1.jpg","datePublished":"2014-05-06T15:59:12+00:00","dateModified":"2019-04-30T13:58:09+00:00","breadcrumb":{"@id":"https:\/\/viajes.bikespain.com\/es\/cicloturismo-portugal-bicicleta\/#breadcrumb"},"inLanguage":"es","potentialAction":[{"@type":"ReadAction","target":["https:\/\/viajes.bikespain.com\/es\/cicloturismo-portugal-bicicleta\/"]}]},{"@type":"ImageObject","inLanguage":"es","@id":"https:\/\/viajes.bikespain.com\/es\/cicloturismo-portugal-bicicleta\/#primaryimage","url":"https:\/\/viajes.bikespain.com\/wp-content\/uploads\/2014\/05\/day-6-lagos-tavira-19-1.jpg","contentUrl":"https:\/\/viajes.bikespain.com\/wp-content\/uploads\/2014\/05\/day-6-lagos-tavira-19-1.jpg","width":"700","height":"328"},{"@type":"BreadcrumbList","@id":"https:\/\/viajes.bikespain.com\/es\/cicloturismo-portugal-bicicleta\/#breadcrumb","itemListElement":[{"@type":"ListItem","position":1,"name":"Portada","item":"https:\/\/viajes.bikespain.com\/es\/"},{"@type":"ListItem","position":2,"name":"Portugal"}]},{"@type":"WebSite","@id":"https:\/\/viajes.bikespain.com\/es\/#website","url":"https:\/\/viajes.bikespain.com\/es\/","name":"Bike Spain Tours. Cycling Vacations in Spain.","description":"Viajes en bicicleta en Europa y Mundo","publisher":{"@id":"https:\/\/viajes.bikespain.com\/es\/#organization"},"potentialAction":[{"@type":"SearchAction","target":{"@type":"EntryPoint","urlTemplate":"https:\/\/viajes.bikespain.com\/es\/?s={search_term_string}"},"query-input":{"@type":"PropertyValueSpecification","valueRequired":true,"valueName":"search_term_string"}}],"inLanguage":"es"},{"@type":"Organization","@id":"https:\/\/viajes.bikespain.com\/es\/#organization","name":"Bike Spain Tours","url":"https:\/\/viajes.bikespain.com\/es\/","logo":{"@type":"ImageObject","inLanguage":"es","@id":"https:\/\/viajes.bikespain.com\/es\/#\/schema\/logo\/image\/","url":"https:\/\/viajes.bikespain.com\/wp-content\/uploads\/2018\/02\/bike-spain-tours-logo-1.png","contentUrl":"https:\/\/viajes.bikespain.com\/wp-content\/uploads\/2018\/02\/bike-spain-tours-logo-1.png","width":"300","height":"91","caption":"Bike Spain Tours"},"image":{"@id":"https:\/\/viajes.bikespain.com\/es\/#\/schema\/logo\/image\/"},"sameAs":["https:\/\/www.facebook.com\/BikeSpainTours","https:\/\/x.com\/bikespaintours","https:\/\/www.instagram.com\/bikespaintours\/"]},{"@type":"Person","@id":"https:\/\/viajes.bikespain.com\/es\/#\/schema\/person\/ed8c3a62b56403d9c76f215d59f23067","name":"Pablo Munoz","image":{"@type":"ImageObject","inLanguage":"es","@id":"https:\/\/secure.gravatar.com\/avatar\/a55679615e0064659c0c3e88bae9082fdd0f06eb8e87abe98d38fe644262b9ec?s=96&d=mm&r=g","url":"https:\/\/secure.gravatar.com\/avatar\/a55679615e0064659c0c3e88bae9082fdd0f06eb8e87abe98d38fe644262b9ec?s=96&d=mm&r=g","contentUrl":"https:\/\/secure.gravatar.com\/avatar\/a55679615e0064659c0c3e88bae9082fdd0f06eb8e87abe98d38fe644262b9ec?s=96&d=mm&r=g","caption":"Pablo Munoz"},"url":"https:\/\/viajes.bikespain.com\/es\/author\/pablo-munez\/"}]}},"_links":{"self":[{"href":"https:\/\/viajes.bikespain.com\/es\/wp-json\/wp\/v2\/posts\/88","targetHints":{"allow":["GET"]}}],"collection":[{"href":"https:\/\/viajes.bikespain.com\/es\/wp-json\/wp\/v2\/posts"}],"about":[{"href":"https:\/\/viajes.bikespain.com\/es\/wp-json\/wp\/v2\/types\/post"}],"author":[{"embeddable":true,"href":"https:\/\/viajes.bikespain.com\/es\/wp-json\/wp\/v2\/users\/2"}],"replies":[{"embeddable":true,"href":"https:\/\/viajes.bikespain.com\/es\/wp-json\/wp\/v2\/comments?post=88"}],"version-history":[{"count":0,"href":"https:\/\/viajes.bikespain.com\/es\/wp-json\/wp\/v2\/posts\/88\/revisions"}],"wp:featuredmedia":[{"embeddable":true,"href":"https:\/\/viajes.bikespain.com\/es\/wp-json\/wp\/v2\/media\/24340"}],"wp:attachment":[{"href":"https:\/\/viajes.bikespain.com\/es\/wp-json\/wp\/v2\/media?parent=88"}],"wp:term":[{"taxonomy":"category","embeddable":true,"href":"https:\/\/viajes.bikespain.com\/es\/wp-json\/wp\/v2\/categories?post=88"},{"taxonomy":"post_tag","embeddable":true,"href":"https:\/\/viajes.bikespain.com\/es\/wp-json\/wp\/v2\/tags?post=88"}],"curies":[{"name":"wp","href":"https:\/\/api.w.org\/{rel}","templated":true}]}}