{"id":24299,"date":"2014-05-06T16:06:28","date_gmt":"2014-05-06T15:06:28","guid":{"rendered":"http:\/\/bikespainviajes.wordpress.com\/?p=47"},"modified":"2019-05-03T12:34:53","modified_gmt":"2019-05-03T11:34:53","slug":"cicloturismo-belgica-flandes-bicicleta","status":"publish","type":"post","link":"https:\/\/viajes.bikespain.com\/es\/cicloturismo-belgica-flandes-bicicleta\/","title":{"rendered":"B\u00e9lgica-Flandes"},"content":{"rendered":"<p style=\"color: #65686d;\"><a href=\"http:\/\/bikespainviajes.files.wordpress.com\/2014\/05\/flick-flandes-8.jpg\"><img loading=\"lazy\" decoding=\"async\" class=\" wp-image-49 aligncenter\" src=\"http:\/\/bikespainviajes.files.wordpress.com\/2014\/05\/flick-flandes-8.jpg?w=300\" alt=\"Flick Flandes 8\" width=\"359\" height=\"239\"><\/a><\/p>\n<p style=\"color: #65686d;\"><span style=\"color: #808080;\">Unida irremediablemente a nuestro pasado hist\u00f3rico, B\u00e9lgica es sin\u00f3nimo de cicloturismo, arquitectura, artesan\u00eda y modernidad. &nbsp;El \u00e1rea de Flandes, donde se desarrollan nuestras rutas en bicicleta, es una de las zonas europeas, junto con Holanda, con mayor tradici\u00f3n ciclista y en la que m\u00e1s facilidades se ponen a gente que, como t\u00fa quiere disfrutar de unas vacaciones en bici.<\/span><\/p>\n<p style=\"color: #65686d;\"><span style=\"color: #808080;\">B\u00e9lgica, y m\u00e1s concretamente, Flandes atesora un gran legado hist\u00f3rico y cultural, conservado perfectamente, sin dar la espalda al dise\u00f1o y la modernidad en su estilo de vida; estamos convencidos de que, como m\u00ednimo, B\u00e9lgica te sorprender\u00e1.<\/span><\/p>\n<p style=\"color: #65686d;\"><span style=\"color: #808080;\">La de Flandes es una de las regiones que m\u00e1s impresiona por el romanticismo y encanto que desprenden sus ciudades. En Brujas, la Venecia del norte, el tiempo parece detenerse; pasear por sus calles es un regalo de paz y tranquilidad. La elegancia de Gante queda de manifiesto por la magnificencia de sus edificios; cuna de Carlos I, fue una de las ciudades m\u00e1s importantes de la Edad Media. Capital de Europa y punto de inicio de uno de nuestros itinerarios favoritos, Bruselas seduce por su car\u00e1cter metropolitano y su ambiente multicultural.<\/span><\/p>\n<p style=\"color: #65686d;\"><span style=\"color: #808080;\">Como siempre, encontrar\u00e1s itinerarios pensados para que disfrutes de nuestros viajes en bicicleta tanto si viajas con amigos o tu pareja, como si lo haces en familia, pedaleando con los m\u00e1s peque\u00f1os de la casa.<\/span><\/p>\n<p style=\"color: #65686d;\"><a href=\"http:\/\/www.bikespain.com\/es\/europa\/belgica-flandes-brujas-bruselas-barco-y-bici\">B\u00e9lgica y Flandes en Bicicleta<\/a><\/p>\n<div id='gallery-1' class='gallery galleryid-24299 gallery-columns-3 gallery-size-thumbnail'><figure class='gallery-item'>\n\t\t\t<div class='gallery-icon landscape'>\n\t\t\t\t<a href='https:\/\/viajes.bikespain.com\/es\/dscf4471-2-2\/'><img loading=\"lazy\" decoding=\"async\" width=\"150\" height=\"150\" src=\"https:\/\/viajes.bikespain.com\/wp-content\/uploads\/2014\/05\/dscf44711-150x150.jpg\" class=\"attachment-thumbnail size-thumbnail\" alt=\"\" srcset=\"https:\/\/viajes.bikespain.com\/wp-content\/uploads\/2014\/05\/dscf44711-150x150.jpg 150w, https:\/\/viajes.bikespain.com\/wp-content\/uploads\/2014\/05\/dscf44711-600x600.jpg 600w\" sizes=\"auto, (max-width: 150px) 100vw, 150px\" \/><\/a>\n\t\t\t<\/div><\/figure><figure class='gallery-item'>\n\t\t\t<div class='gallery-icon landscape'>\n\t\t\t\t<a href='https:\/\/viajes.bikespain.com\/es\/cicloturismo-belgica-flandes-bicicleta\/belgium-tour-2\/'><img loading=\"lazy\" decoding=\"async\" width=\"150\" height=\"150\" src=\"https:\/\/viajes.bikespain.com\/wp-content\/uploads\/2014\/05\/belgium-tour1-150x150.jpg\" class=\"attachment-thumbnail size-thumbnail\" alt=\"Viaje en bicicleta por B\u00e9lgica\" \/><\/a>\n\t\t\t<\/div><\/figure><figure class='gallery-item'>\n\t\t\t<div class='gallery-icon landscape'>\n\t\t\t\t<a href='https:\/\/viajes.bikespain.com\/es\/jerez4-2\/'><img loading=\"lazy\" decoding=\"async\" width=\"150\" height=\"150\" src=\"https:\/\/viajes.bikespain.com\/wp-content\/uploads\/2014\/05\/jerez4-150x150.png\" class=\"attachment-thumbnail size-thumbnail\" alt=\"\" srcset=\"https:\/\/viajes.bikespain.com\/wp-content\/uploads\/2014\/05\/jerez4-150x150.png 150w, https:\/\/viajes.bikespain.com\/wp-content\/uploads\/2014\/05\/jerez4-600x600.png 600w\" sizes=\"auto, (max-width: 150px) 100vw, 150px\" \/><\/a>\n\t\t\t<\/div><\/figure>\n\t\t<\/div>\n\n","protected":false},"excerpt":{"rendered":"<p>Unida irremediablemente a nuestro pasado hist\u00f3rico, B\u00e9lgica es sin\u00f3nimo de cicloturismo, arquitectura, artesan\u00eda y modernidad. &nbsp;El \u00e1rea de Flandes, donde se desarrollan nuestras rutas en bicicleta, es una de las zonas europeas, junto con Holanda, con mayor tradici\u00f3n ciclista y en la que m\u00e1s facilidades se ponen a gente que, como t\u00fa quiere disfrutar de [&hellip;]<\/p>\n","protected":false},"author":2,"featured_media":24346,"comment_status":"open","ping_status":"closed","sticky":false,"template":"","format":"standard","meta":{"footnotes":""},"categories":[608],"tags":[612],"class_list":["post-24299","post","type-post","status-publish","format-standard","has-post-thumbnail","hentry","category-geen-categorie","tag-viajes-bicicleta-belgica-bikespainviajes"],"yoast_head":"<!-- This site is optimized with the Yoast SEO plugin v27.5 - https:\/\/yoast.com\/product\/yoast-seo-wordpress\/ -->\n<title>B\u00e9lgica-Flandes - Bike Spain Tours. Cycling Vacations in Spain.<\/title>\n<meta name=\"robots\" content=\"index, follow, max-snippet:-1, max-image-preview:large, max-video-preview:-1\" \/>\n<link rel=\"canonical\" href=\"https:\/\/viajes.bikespain.com\/es\/cicloturismo-belgica-flandes-bicicleta\/\" \/>\n<meta property=\"og:locale\" content=\"es_ES\" \/>\n<meta property=\"og:type\" content=\"article\" \/>\n<meta property=\"og:title\" content=\"B\u00e9lgica-Flandes - Bike Spain Tours. Cycling Vacations in Spain.\" \/>\n<meta property=\"og:description\" content=\"Unida irremediablemente a nuestro pasado hist\u00f3rico, B\u00e9lgica es sin\u00f3nimo de cicloturismo, arquitectura, artesan\u00eda y modernidad. &nbsp;El \u00e1rea de Flandes, donde se desarrollan nuestras rutas en bicicleta, es una de las zonas europeas, junto con Holanda, con mayor tradici\u00f3n ciclista y en la que m\u00e1s facilidades se ponen a gente que, como t\u00fa quiere disfrutar de [&hellip;]\" \/>\n<meta property=\"og:url\" content=\"https:\/\/viajes.bikespain.com\/es\/cicloturismo-belgica-flandes-bicicleta\/\" \/>\n<meta property=\"og:site_name\" content=\"Bike Spain Tours. Cycling Vacations in Spain.\" \/>\n<meta property=\"article:publisher\" content=\"https:\/\/www.facebook.com\/BikeSpainTours\" \/>\n<meta property=\"article:published_time\" content=\"2014-05-06T15:06:28+00:00\" \/>\n<meta property=\"article:modified_time\" content=\"2019-05-03T11:34:53+00:00\" \/>\n<meta property=\"og:image\" content=\"https:\/\/viajes.bikespain.com\/wp-content\/uploads\/2014\/05\/flick-flandes-8-1.jpg\" \/>\n\t<meta property=\"og:image:width\" content=\"1024\" \/>\n\t<meta property=\"og:image:height\" content=\"683\" \/>\n\t<meta property=\"og:image:type\" content=\"image\/jpeg\" \/>\n<meta name=\"author\" content=\"Pablo Munoz\" \/>\n<meta name=\"twitter:card\" content=\"summary_large_image\" \/>\n<meta name=\"twitter:creator\" content=\"@bikespaintours\" \/>\n<meta name=\"twitter:site\" content=\"@bikespaintours\" \/>\n<meta name=\"twitter:label1\" content=\"Escrito por\" \/>\n\t<meta name=\"twitter:data1\" content=\"Pablo Munoz\" \/>\n\t<meta name=\"twitter:label2\" content=\"Tiempo de lectura\" \/>\n\t<meta name=\"twitter:data2\" content=\"1 minuto\" \/>\n<script type=\"application\/ld+json\" class=\"yoast-schema-graph\">{\"@context\":\"https:\\\/\\\/schema.org\",\"@graph\":[{\"@type\":\"Article\",\"@id\":\"https:\\\/\\\/viajes.bikespain.com\\\/es\\\/cicloturismo-belgica-flandes-bicicleta\\\/#article\",\"isPartOf\":{\"@id\":\"https:\\\/\\\/viajes.bikespain.com\\\/es\\\/cicloturismo-belgica-flandes-bicicleta\\\/\"},\"author\":{\"name\":\"Pablo Munoz\",\"@id\":\"https:\\\/\\\/viajes.bikespain.com\\\/es\\\/#\\\/schema\\\/person\\\/ed8c3a62b56403d9c76f215d59f23067\"},\"headline\":\"B\u00e9lgica-Flandes\",\"datePublished\":\"2014-05-06T15:06:28+00:00\",\"dateModified\":\"2019-05-03T11:34:53+00:00\",\"mainEntityOfPage\":{\"@id\":\"https:\\\/\\\/viajes.bikespain.com\\\/es\\\/cicloturismo-belgica-flandes-bicicleta\\\/\"},\"wordCount\":252,\"commentCount\":0,\"publisher\":{\"@id\":\"https:\\\/\\\/viajes.bikespain.com\\\/es\\\/#organization\"},\"image\":{\"@id\":\"https:\\\/\\\/viajes.bikespain.com\\\/es\\\/cicloturismo-belgica-flandes-bicicleta\\\/#primaryimage\"},\"thumbnailUrl\":\"https:\\\/\\\/viajes.bikespain.com\\\/wp-content\\\/uploads\\\/2014\\\/05\\\/flick-flandes-8-1.jpg\",\"keywords\":[\"#viajes #bicicleta #belgica #bikespainviajes\"],\"articleSection\":[\"Geen categorie\"],\"inLanguage\":\"es\",\"potentialAction\":[{\"@type\":\"CommentAction\",\"name\":\"Comment\",\"target\":[\"https:\\\/\\\/viajes.bikespain.com\\\/es\\\/cicloturismo-belgica-flandes-bicicleta\\\/#respond\"]}]},{\"@type\":\"WebPage\",\"@id\":\"https:\\\/\\\/viajes.bikespain.com\\\/es\\\/cicloturismo-belgica-flandes-bicicleta\\\/\",\"url\":\"https:\\\/\\\/viajes.bikespain.com\\\/es\\\/cicloturismo-belgica-flandes-bicicleta\\\/\",\"name\":\"B\u00e9lgica-Flandes - Bike Spain Tours. Cycling Vacations in Spain.\",\"isPartOf\":{\"@id\":\"https:\\\/\\\/viajes.bikespain.com\\\/es\\\/#website\"},\"primaryImageOfPage\":{\"@id\":\"https:\\\/\\\/viajes.bikespain.com\\\/es\\\/cicloturismo-belgica-flandes-bicicleta\\\/#primaryimage\"},\"image\":{\"@id\":\"https:\\\/\\\/viajes.bikespain.com\\\/es\\\/cicloturismo-belgica-flandes-bicicleta\\\/#primaryimage\"},\"thumbnailUrl\":\"https:\\\/\\\/viajes.bikespain.com\\\/wp-content\\\/uploads\\\/2014\\\/05\\\/flick-flandes-8-1.jpg\",\"datePublished\":\"2014-05-06T15:06:28+00:00\",\"dateModified\":\"2019-05-03T11:34:53+00:00\",\"breadcrumb\":{\"@id\":\"https:\\\/\\\/viajes.bikespain.com\\\/es\\\/cicloturismo-belgica-flandes-bicicleta\\\/#breadcrumb\"},\"inLanguage\":\"es\",\"potentialAction\":[{\"@type\":\"ReadAction\",\"target\":[\"https:\\\/\\\/viajes.bikespain.com\\\/es\\\/cicloturismo-belgica-flandes-bicicleta\\\/\"]}]},{\"@type\":\"ImageObject\",\"inLanguage\":\"es\",\"@id\":\"https:\\\/\\\/viajes.bikespain.com\\\/es\\\/cicloturismo-belgica-flandes-bicicleta\\\/#primaryimage\",\"url\":\"https:\\\/\\\/viajes.bikespain.com\\\/wp-content\\\/uploads\\\/2014\\\/05\\\/flick-flandes-8-1.jpg\",\"contentUrl\":\"https:\\\/\\\/viajes.bikespain.com\\\/wp-content\\\/uploads\\\/2014\\\/05\\\/flick-flandes-8-1.jpg\",\"width\":\"1024\",\"height\":\"683\"},{\"@type\":\"BreadcrumbList\",\"@id\":\"https:\\\/\\\/viajes.bikespain.com\\\/es\\\/cicloturismo-belgica-flandes-bicicleta\\\/#breadcrumb\",\"itemListElement\":[{\"@type\":\"ListItem\",\"position\":1,\"name\":\"Portada\",\"item\":\"https:\\\/\\\/viajes.bikespain.com\\\/es\\\/\"},{\"@type\":\"ListItem\",\"position\":2,\"name\":\"B\u00e9lgica-Flandes\"}]},{\"@type\":\"WebSite\",\"@id\":\"https:\\\/\\\/viajes.bikespain.com\\\/es\\\/#website\",\"url\":\"https:\\\/\\\/viajes.bikespain.com\\\/es\\\/\",\"name\":\"Bike Spain Tours. Cycling Vacations in Spain.\",\"description\":\"Viajes en bicicleta en Europa y Mundo\",\"publisher\":{\"@id\":\"https:\\\/\\\/viajes.bikespain.com\\\/es\\\/#organization\"},\"potentialAction\":[{\"@type\":\"SearchAction\",\"target\":{\"@type\":\"EntryPoint\",\"urlTemplate\":\"https:\\\/\\\/viajes.bikespain.com\\\/es\\\/?s={search_term_string}\"},\"query-input\":{\"@type\":\"PropertyValueSpecification\",\"valueRequired\":true,\"valueName\":\"search_term_string\"}}],\"inLanguage\":\"es\"},{\"@type\":\"Organization\",\"@id\":\"https:\\\/\\\/viajes.bikespain.com\\\/es\\\/#organization\",\"name\":\"Bike Spain Tours\",\"url\":\"https:\\\/\\\/viajes.bikespain.com\\\/es\\\/\",\"logo\":{\"@type\":\"ImageObject\",\"inLanguage\":\"es\",\"@id\":\"https:\\\/\\\/viajes.bikespain.com\\\/es\\\/#\\\/schema\\\/logo\\\/image\\\/\",\"url\":\"https:\\\/\\\/viajes.bikespain.com\\\/wp-content\\\/uploads\\\/2018\\\/02\\\/bike-spain-tours-logo-1.png\",\"contentUrl\":\"https:\\\/\\\/viajes.bikespain.com\\\/wp-content\\\/uploads\\\/2018\\\/02\\\/bike-spain-tours-logo-1.png\",\"width\":\"300\",\"height\":\"91\",\"caption\":\"Bike Spain Tours\"},\"image\":{\"@id\":\"https:\\\/\\\/viajes.bikespain.com\\\/es\\\/#\\\/schema\\\/logo\\\/image\\\/\"},\"sameAs\":[\"https:\\\/\\\/www.facebook.com\\\/BikeSpainTours\",\"https:\\\/\\\/x.com\\\/bikespaintours\",\"https:\\\/\\\/www.instagram.com\\\/bikespaintours\\\/\"]},{\"@type\":\"Person\",\"@id\":\"https:\\\/\\\/viajes.bikespain.com\\\/es\\\/#\\\/schema\\\/person\\\/ed8c3a62b56403d9c76f215d59f23067\",\"name\":\"Pablo Munoz\",\"image\":{\"@type\":\"ImageObject\",\"inLanguage\":\"es\",\"@id\":\"https:\\\/\\\/secure.gravatar.com\\\/avatar\\\/a55679615e0064659c0c3e88bae9082fdd0f06eb8e87abe98d38fe644262b9ec?s=96&d=mm&r=g\",\"url\":\"https:\\\/\\\/secure.gravatar.com\\\/avatar\\\/a55679615e0064659c0c3e88bae9082fdd0f06eb8e87abe98d38fe644262b9ec?s=96&d=mm&r=g\",\"contentUrl\":\"https:\\\/\\\/secure.gravatar.com\\\/avatar\\\/a55679615e0064659c0c3e88bae9082fdd0f06eb8e87abe98d38fe644262b9ec?s=96&d=mm&r=g\",\"caption\":\"Pablo Munoz\"},\"url\":\"https:\\\/\\\/viajes.bikespain.com\\\/es\\\/author\\\/pablo-munez\\\/\"}]}<\/script>\n<!-- \/ Yoast SEO plugin. -->","yoast_head_json":{"title":"B\u00e9lgica-Flandes - Bike Spain Tours. Cycling Vacations in Spain.","robots":{"index":"index","follow":"follow","max-snippet":"max-snippet:-1","max-image-preview":"max-image-preview:large","max-video-preview":"max-video-preview:-1"},"canonical":"https:\/\/viajes.bikespain.com\/es\/cicloturismo-belgica-flandes-bicicleta\/","og_locale":"es_ES","og_type":"article","og_title":"B\u00e9lgica-Flandes - Bike Spain Tours. Cycling Vacations in Spain.","og_description":"Unida irremediablemente a nuestro pasado hist\u00f3rico, B\u00e9lgica es sin\u00f3nimo de cicloturismo, arquitectura, artesan\u00eda y modernidad. &nbsp;El \u00e1rea de Flandes, donde se desarrollan nuestras rutas en bicicleta, es una de las zonas europeas, junto con Holanda, con mayor tradici\u00f3n ciclista y en la que m\u00e1s facilidades se ponen a gente que, como t\u00fa quiere disfrutar de [&hellip;]","og_url":"https:\/\/viajes.bikespain.com\/es\/cicloturismo-belgica-flandes-bicicleta\/","og_site_name":"Bike Spain Tours. Cycling Vacations in Spain.","article_publisher":"https:\/\/www.facebook.com\/BikeSpainTours","article_published_time":"2014-05-06T15:06:28+00:00","article_modified_time":"2019-05-03T11:34:53+00:00","og_image":[{"width":1024,"height":683,"url":"https:\/\/viajes.bikespain.com\/wp-content\/uploads\/2014\/05\/flick-flandes-8-1.jpg","type":"image\/jpeg"}],"author":"Pablo Munoz","twitter_card":"summary_large_image","twitter_creator":"@bikespaintours","twitter_site":"@bikespaintours","twitter_misc":{"Escrito por":"Pablo Munoz","Tiempo de lectura":"1 minuto"},"schema":{"@context":"https:\/\/schema.org","@graph":[{"@type":"Article","@id":"https:\/\/viajes.bikespain.com\/es\/cicloturismo-belgica-flandes-bicicleta\/#article","isPartOf":{"@id":"https:\/\/viajes.bikespain.com\/es\/cicloturismo-belgica-flandes-bicicleta\/"},"author":{"name":"Pablo Munoz","@id":"https:\/\/viajes.bikespain.com\/es\/#\/schema\/person\/ed8c3a62b56403d9c76f215d59f23067"},"headline":"B\u00e9lgica-Flandes","datePublished":"2014-05-06T15:06:28+00:00","dateModified":"2019-05-03T11:34:53+00:00","mainEntityOfPage":{"@id":"https:\/\/viajes.bikespain.com\/es\/cicloturismo-belgica-flandes-bicicleta\/"},"wordCount":252,"commentCount":0,"publisher":{"@id":"https:\/\/viajes.bikespain.com\/es\/#organization"},"image":{"@id":"https:\/\/viajes.bikespain.com\/es\/cicloturismo-belgica-flandes-bicicleta\/#primaryimage"},"thumbnailUrl":"https:\/\/viajes.bikespain.com\/wp-content\/uploads\/2014\/05\/flick-flandes-8-1.jpg","keywords":["#viajes #bicicleta #belgica #bikespainviajes"],"articleSection":["Geen categorie"],"inLanguage":"es","potentialAction":[{"@type":"CommentAction","name":"Comment","target":["https:\/\/viajes.bikespain.com\/es\/cicloturismo-belgica-flandes-bicicleta\/#respond"]}]},{"@type":"WebPage","@id":"https:\/\/viajes.bikespain.com\/es\/cicloturismo-belgica-flandes-bicicleta\/","url":"https:\/\/viajes.bikespain.com\/es\/cicloturismo-belgica-flandes-bicicleta\/","name":"B\u00e9lgica-Flandes - Bike Spain Tours. Cycling Vacations in Spain.","isPartOf":{"@id":"https:\/\/viajes.bikespain.com\/es\/#website"},"primaryImageOfPage":{"@id":"https:\/\/viajes.bikespain.com\/es\/cicloturismo-belgica-flandes-bicicleta\/#primaryimage"},"image":{"@id":"https:\/\/viajes.bikespain.com\/es\/cicloturismo-belgica-flandes-bicicleta\/#primaryimage"},"thumbnailUrl":"https:\/\/viajes.bikespain.com\/wp-content\/uploads\/2014\/05\/flick-flandes-8-1.jpg","datePublished":"2014-05-06T15:06:28+00:00","dateModified":"2019-05-03T11:34:53+00:00","breadcrumb":{"@id":"https:\/\/viajes.bikespain.com\/es\/cicloturismo-belgica-flandes-bicicleta\/#breadcrumb"},"inLanguage":"es","potentialAction":[{"@type":"ReadAction","target":["https:\/\/viajes.bikespain.com\/es\/cicloturismo-belgica-flandes-bicicleta\/"]}]},{"@type":"ImageObject","inLanguage":"es","@id":"https:\/\/viajes.bikespain.com\/es\/cicloturismo-belgica-flandes-bicicleta\/#primaryimage","url":"https:\/\/viajes.bikespain.com\/wp-content\/uploads\/2014\/05\/flick-flandes-8-1.jpg","contentUrl":"https:\/\/viajes.bikespain.com\/wp-content\/uploads\/2014\/05\/flick-flandes-8-1.jpg","width":"1024","height":"683"},{"@type":"BreadcrumbList","@id":"https:\/\/viajes.bikespain.com\/es\/cicloturismo-belgica-flandes-bicicleta\/#breadcrumb","itemListElement":[{"@type":"ListItem","position":1,"name":"Portada","item":"https:\/\/viajes.bikespain.com\/es\/"},{"@type":"ListItem","position":2,"name":"B\u00e9lgica-Flandes"}]},{"@type":"WebSite","@id":"https:\/\/viajes.bikespain.com\/es\/#website","url":"https:\/\/viajes.bikespain.com\/es\/","name":"Bike Spain Tours. Cycling Vacations in Spain.","description":"Viajes en bicicleta en Europa y Mundo","publisher":{"@id":"https:\/\/viajes.bikespain.com\/es\/#organization"},"potentialAction":[{"@type":"SearchAction","target":{"@type":"EntryPoint","urlTemplate":"https:\/\/viajes.bikespain.com\/es\/?s={search_term_string}"},"query-input":{"@type":"PropertyValueSpecification","valueRequired":true,"valueName":"search_term_string"}}],"inLanguage":"es"},{"@type":"Organization","@id":"https:\/\/viajes.bikespain.com\/es\/#organization","name":"Bike Spain Tours","url":"https:\/\/viajes.bikespain.com\/es\/","logo":{"@type":"ImageObject","inLanguage":"es","@id":"https:\/\/viajes.bikespain.com\/es\/#\/schema\/logo\/image\/","url":"https:\/\/viajes.bikespain.com\/wp-content\/uploads\/2018\/02\/bike-spain-tours-logo-1.png","contentUrl":"https:\/\/viajes.bikespain.com\/wp-content\/uploads\/2018\/02\/bike-spain-tours-logo-1.png","width":"300","height":"91","caption":"Bike Spain Tours"},"image":{"@id":"https:\/\/viajes.bikespain.com\/es\/#\/schema\/logo\/image\/"},"sameAs":["https:\/\/www.facebook.com\/BikeSpainTours","https:\/\/x.com\/bikespaintours","https:\/\/www.instagram.com\/bikespaintours\/"]},{"@type":"Person","@id":"https:\/\/viajes.bikespain.com\/es\/#\/schema\/person\/ed8c3a62b56403d9c76f215d59f23067","name":"Pablo Munoz","image":{"@type":"ImageObject","inLanguage":"es","@id":"https:\/\/secure.gravatar.com\/avatar\/a55679615e0064659c0c3e88bae9082fdd0f06eb8e87abe98d38fe644262b9ec?s=96&d=mm&r=g","url":"https:\/\/secure.gravatar.com\/avatar\/a55679615e0064659c0c3e88bae9082fdd0f06eb8e87abe98d38fe644262b9ec?s=96&d=mm&r=g","contentUrl":"https:\/\/secure.gravatar.com\/avatar\/a55679615e0064659c0c3e88bae9082fdd0f06eb8e87abe98d38fe644262b9ec?s=96&d=mm&r=g","caption":"Pablo Munoz"},"url":"https:\/\/viajes.bikespain.com\/es\/author\/pablo-munez\/"}]}},"_links":{"self":[{"href":"https:\/\/viajes.bikespain.com\/es\/wp-json\/wp\/v2\/posts\/24299","targetHints":{"allow":["GET"]}}],"collection":[{"href":"https:\/\/viajes.bikespain.com\/es\/wp-json\/wp\/v2\/posts"}],"about":[{"href":"https:\/\/viajes.bikespain.com\/es\/wp-json\/wp\/v2\/types\/post"}],"author":[{"embeddable":true,"href":"https:\/\/viajes.bikespain.com\/es\/wp-json\/wp\/v2\/users\/2"}],"replies":[{"embeddable":true,"href":"https:\/\/viajes.bikespain.com\/es\/wp-json\/wp\/v2\/comments?post=24299"}],"version-history":[{"count":0,"href":"https:\/\/viajes.bikespain.com\/es\/wp-json\/wp\/v2\/posts\/24299\/revisions"}],"wp:featuredmedia":[{"embeddable":true,"href":"https:\/\/viajes.bikespain.com\/es\/wp-json\/wp\/v2\/media\/24346"}],"wp:attachment":[{"href":"https:\/\/viajes.bikespain.com\/es\/wp-json\/wp\/v2\/media?parent=24299"}],"wp:term":[{"taxonomy":"category","embeddable":true,"href":"https:\/\/viajes.bikespain.com\/es\/wp-json\/wp\/v2\/categories?post=24299"},{"taxonomy":"post_tag","embeddable":true,"href":"https:\/\/viajes.bikespain.com\/es\/wp-json\/wp\/v2\/tags?post=24299"}],"curies":[{"name":"wp","href":"https:\/\/api.w.org\/{rel}","templated":true}]}}